{"id":3829,"date":"2022-11-13T11:44:00","date_gmt":"2022-11-13T13:44:00","guid":{"rendered":"http:\/\/ltim.lt\/?p=3829"},"modified":"2022-11-22T11:45:13","modified_gmt":"2022-11-22T13:45:13","slug":"birzu-krasto-muziejuje-sela-pristatyta-totoriu-kultura","status":"publish","type":"post","link":"https:\/\/ltim.lt\/en\/birzu-krasto-muziejuje-sela-pristatyta-totoriu-kultura\/","title":{"rendered":"Bir\u017e\u0173 kra\u0161to muziejuje \u201eS\u0116LA\u201c pristatyta totori\u0173 kult\u016bra"},"content":{"rendered":"\n<p>Lapkri\u010dio 12 d. Bir\u017e\u0173 kra\u0161to muziejuje \u201eS\u0117la\u201c buvo pristatyta totori\u0173 kult\u016bra, istorija, tradicijos: paskait\u0105 skait\u0117 VU profesor\u0117 Tamara Baira\u0161auskait\u0117, originali\u0173 totori\u0173 artefakt\u0173 parod\u0105 pristat\u0117 Lietuvos totori\u0173 bendruomeni\u0173 s\u0105jungos pirmininkas Motiejus Jakubauskas. Smagu, kad renginyje dalyvavo Totorkalnio, Totori\u0173 kaimo gyventojai, bir\u017eie\u010diai, paveld\u0117j\u0119 pavardes i\u0161 totori\u0173, kurie Bir\u017e\u0173 kunigaik\u0161tyst\u0117je apsigyveno Radvil\u0173 laikais. Susitikimo metu net kilo id\u0117ja sukurti totori\u0161k\u0105 bendruomen\u0119 Bir\u017euose. Sve\u010diai buvo nustebinti tokiu aktyviu bir\u017eie\u010di\u0173 susidom\u0117jimu ne tik totori\u0173 istorija, bet ir j\u0173 gyvenimu bei papro\u010diais \u0161iomis dienomis. Galime pajuokauti, jog sve\u010dius nuo bir\u017eie\u010di\u0173 d\u0117mesio\u00a0<br \/>ir klausim\u0173 teko \u201evaduoti\u201c. Paroda eksponuojama Pilies arsenale. Kvie\u010diame ap\u017ei\u016br\u0117ti.<\/p>\n<p><img loading=\"lazy\" class=\"alignnone size-medium aligncenter\" src=\"https:\/\/pirmynpopasauli.files.wordpress.com\/2022\/11\/image-62.png\" width=\"474\" height=\"309\" \/><\/p>\n","protected":false},"excerpt":{"rendered":"<p>Lapkri\u010dio 12 d. Bir\u017e\u0173 kra\u0161to muziejuje \u201eS\u0117la\u201c buvo pristatyta totori\u0173 kult\u016bra, istorija, tradicijos: paskait\u0105 skait\u0117 VU profesor\u0117 Tamara Baira\u0161auskait\u0117, originali\u0173 totori\u0173 artefakt\u0173 parod\u0105 pristat\u0117 Lietuvos totori\u0173 bendruomeni\u0173 s\u0105jungos pirmininkas Motiejus Jakubauskas. Smagu, kad renginyje dalyvavo Totorkalnio, Totori\u0173 kaimo gyventojai, bir\u017eie\u010diai, paveld\u0117j\u0119 pavardes i\u0161 totori\u0173, kurie Bir\u017e\u0173 kunigaik\u0161tyst\u0117je apsigyveno Radvil\u0173 laikais. Susitikimo metu net kilo id\u0117ja [&hellip;]<\/p>\n","protected":false},"author":1,"featured_media":0,"comment_status":"closed","ping_status":"open","sticky":false,"template":"","format":"standard","meta":[],"categories":[1],"tags":[],"_links":{"self":[{"href":"https:\/\/ltim.lt\/en\/wp-json\/wp\/v2\/posts\/3829"}],"collection":[{"href":"https:\/\/ltim.lt\/en\/wp-json\/wp\/v2\/posts"}],"about":[{"href":"https:\/\/ltim.lt\/en\/wp-json\/wp\/v2\/types\/post"}],"author":[{"embeddable":true,"href":"https:\/\/ltim.lt\/en\/wp-json\/wp\/v2\/users\/1"}],"replies":[{"embeddable":true,"href":"https:\/\/ltim.lt\/en\/wp-json\/wp\/v2\/comments?post=3829"}],"version-history":[{"count":1,"href":"https:\/\/ltim.lt\/en\/wp-json\/wp\/v2\/posts\/3829\/revisions"}],"predecessor-version":[{"id":3830,"href":"https:\/\/ltim.lt\/en\/wp-json\/wp\/v2\/posts\/3829\/revisions\/3830"}],"wp:attachment":[{"href":"https:\/\/ltim.lt\/en\/wp-json\/wp\/v2\/media?parent=3829"}],"wp:term":[{"taxonomy":"category","embeddable":true,"href":"https:\/\/ltim.lt\/en\/wp-json\/wp\/v2\/categories?post=3829"},{"taxonomy":"post_tag","embeddable":true,"href":"https:\/\/ltim.lt\/en\/wp-json\/wp\/v2\/tags?post=3829"}],"curies":[{"name":"wp","href":"https:\/\/api.w.org\/{rel}","templated":true}]}}